{"id":2165,"date":"2026-04-05T11:29:22","date_gmt":"2026-04-05T08:29:22","guid":{"rendered":"https:\/\/www.kuoras.fi\/?p=2165"},"modified":"2026-04-05T11:29:22","modified_gmt":"2026-04-05T08:29:22","slug":"vuosikokous-2026","status":"publish","type":"post","link":"https:\/\/www.kuoras.fi\/index.php\/2026\/04\/05\/vuosikokous-2026\/","title":{"rendered":"Vuosikokous 2026"},"content":{"rendered":"\t\t<div data-elementor-type=\"wp-post\" data-elementor-id=\"2165\" class=\"elementor elementor-2165\">\n\t\t\t\t\t\t<section class=\"elementor-section elementor-top-section elementor-element elementor-element-19c5a3fe elementor-section-boxed elementor-section-height-default elementor-section-height-default\" data-id=\"19c5a3fe\" data-element_type=\"section\" data-e-type=\"section\">\n\t\t\t\t\t\t<div class=\"elementor-container elementor-column-gap-default\">\n\t\t\t\t\t<div class=\"elementor-column elementor-col-100 elementor-top-column elementor-element elementor-element-676212b9\" data-id=\"676212b9\" data-element_type=\"column\" data-e-type=\"column\">\n\t\t\t<div class=\"elementor-widget-wrap elementor-element-populated\">\n\t\t\t\t\t\t<div class=\"elementor-element elementor-element-3828f4b9 elementor-widget elementor-widget-text-editor\" data-id=\"3828f4b9\" data-element_type=\"widget\" data-e-type=\"widget\" data-widget_type=\"text-editor.default\">\n\t\t\t\t<div class=\"elementor-widget-container\">\n\t\t\t\t\t\t\t\t\t<div class=\"xdj266r x14z9mp xat24cr x1lziwak x1vvkbs x126k92a\"><div dir=\"auto\">P\u00e4\u00e4t\u00f6ksenteon ohessa Kuorasj\u00e4rvi ry:n vuosikokouksessa 4.4. keskusteltiin siit\u00e4, miten j\u00e4rvest\u00e4 saadaan mahdollisimman puhdasvetinen. Esiin nousivat mm. valuma-alueet (erityisesti Saukkoj\u00e4rvi). Keskustelu jatkuu yleis\u00f6tilaisuudessa 16.5.<\/div><div dir=\"auto\">\u00a0<\/div><\/div><div class=\"x14z9mp xat24cr x1lziwak x1vvkbs xtlvy1s x126k92a\"><div dir=\"auto\">Kokousv\u00e4ki ilmaisi huolensa siit\u00e4, ett\u00e4 v\u00e4h\u00e4lumisen talven j\u00e4lkeen VEDEN PINTA on enn\u00e4tysalhainen. Tilannetta selvitet\u00e4\u00e4n.<\/div><div dir=\"auto\">\u00a0<\/div><\/div><div class=\"x14z9mp xat24cr x1lziwak x1vvkbs xtlvy1s x126k92a\"><div dir=\"auto\">ESA KUJALA jatkaa yhdistyksen puheenjohtajana, Pekka It\u00e4niemi varapuheenjohtajana. Hallitukseen kuuluvat lis\u00e4ksi Juha Koskinen (sihteeri), Katariina Kivist\u00f6 (viestint\u00e4), Jari Niemi (talous), Eeva Puutonen ja Veli-Matti Hakala. Varaj\u00e4seni\u00e4 ovat Olli Keski-Saari ja Hannu M\u00e4kel\u00e4.<\/div><div dir=\"auto\">\u00a0<\/div><\/div><div dir=\"auto\"><img decoding=\"async\" class=\"alignnone size-medium wp-image-2168\" src=\"https:\/\/www.kuoras.fi\/wp-content\/uploads\/2026\/04\/vuosikok2-132x200.jpg\" alt=\"\" width=\"132\" height=\"200\" srcset=\"https:\/\/www.kuoras.fi\/wp-content\/uploads\/2026\/04\/vuosikok2-132x200.jpg 132w, https:\/\/www.kuoras.fi\/wp-content\/uploads\/2026\/04\/vuosikok2.jpg 389w\" sizes=\"(max-width: 132px) 100vw, 132px\" \/> <img decoding=\"async\" class=\"alignnone size-medium wp-image-2167\" src=\"https:\/\/www.kuoras.fi\/wp-content\/uploads\/2026\/04\/vuosikok1-200x197.jpg\" alt=\"\" width=\"200\" height=\"197\" srcset=\"https:\/\/www.kuoras.fi\/wp-content\/uploads\/2026\/04\/vuosikok1-200x197.jpg 200w, https:\/\/www.kuoras.fi\/wp-content\/uploads\/2026\/04\/vuosikok1.jpg 590w\" sizes=\"(max-width: 200px) 100vw, 200px\" \/><\/div><div dir=\"auto\">\u00a0<\/div><div dir=\"auto\"><a href=\"https:\/\/www.facebook.com\/share\/p\/1B5bov8LnU\/\">https:\/\/www.facebook.com\/share\/p\/1B5bov8LnU\/<\/a><\/div>\t\t\t\t\t\t\t\t<\/div>\n\t\t\t\t<\/div>\n\t\t\t\t\t<\/div>\n\t\t<\/div>\n\t\t\t\t\t<\/div>\n\t\t<\/section>\n\t\t\t\t<\/div>\n\t\t","protected":false},"excerpt":{"rendered":"<p>P\u00e4\u00e4t\u00f6ksenteon ohessa Kuorasj\u00e4rvi ry:n vuosikokouksessa 4.4. keskusteltiin siit\u00e4, miten j\u00e4rvest\u00e4 saadaan mahdollisimman puhdasvetinen. Esiin nousivat mm. valuma-alueet (erityisesti Saukkoj\u00e4rvi). Keskustelu jatkuu yleis\u00f6tilaisuudessa 16.5.\u00a0Kokousv\u00e4ki ilmaisi huolensa&hellip;<\/p>\n","protected":false},"author":2,"featured_media":0,"comment_status":"closed","ping_status":"closed","sticky":false,"template":"","format":"standard","meta":{"_jetpack_memberships_contains_paid_content":false,"footnotes":""},"categories":[1],"tags":[],"class_list":["post-2165","post","type-post","status-publish","format-standard","hentry","category-uncategorized"],"jetpack_featured_media_url":"","jetpack_sharing_enabled":true,"_links":{"self":[{"href":"https:\/\/www.kuoras.fi\/index.php\/wp-json\/wp\/v2\/posts\/2165","targetHints":{"allow":["GET"]}}],"collection":[{"href":"https:\/\/www.kuoras.fi\/index.php\/wp-json\/wp\/v2\/posts"}],"about":[{"href":"https:\/\/www.kuoras.fi\/index.php\/wp-json\/wp\/v2\/types\/post"}],"author":[{"embeddable":true,"href":"https:\/\/www.kuoras.fi\/index.php\/wp-json\/wp\/v2\/users\/2"}],"replies":[{"embeddable":true,"href":"https:\/\/www.kuoras.fi\/index.php\/wp-json\/wp\/v2\/comments?post=2165"}],"version-history":[{"count":5,"href":"https:\/\/www.kuoras.fi\/index.php\/wp-json\/wp\/v2\/posts\/2165\/revisions"}],"predecessor-version":[{"id":2173,"href":"https:\/\/www.kuoras.fi\/index.php\/wp-json\/wp\/v2\/posts\/2165\/revisions\/2173"}],"wp:attachment":[{"href":"https:\/\/www.kuoras.fi\/index.php\/wp-json\/wp\/v2\/media?parent=2165"}],"wp:term":[{"taxonomy":"category","embeddable":true,"href":"https:\/\/www.kuoras.fi\/index.php\/wp-json\/wp\/v2\/categories?post=2165"},{"taxonomy":"post_tag","embeddable":true,"href":"https:\/\/www.kuoras.fi\/index.php\/wp-json\/wp\/v2\/tags?post=2165"}],"curies":[{"name":"wp","href":"https:\/\/api.w.org\/{rel}","templated":true}]}}