{"id":2133,"date":"2025-11-18T20:27:31","date_gmt":"2025-11-18T18:27:31","guid":{"rendered":"https:\/\/www.kuoras.fi\/?p=2133"},"modified":"2025-11-18T21:53:38","modified_gmt":"2025-11-18T19:53:38","slug":"kuorasjarven-kesavedenpinnan-nosto","status":"publish","type":"post","link":"https:\/\/www.kuoras.fi\/index.php\/2025\/11\/18\/kuorasjarven-kesavedenpinnan-nosto\/","title":{"rendered":"Kuorasj\u00e4rven kes\u00e4vedenpinnan nosto"},"content":{"rendered":"<p>Kuorasj\u00e4rven kes\u00e4vendenpinta nousee.<\/p>\n<p>Alavuden osakaskunta hyv\u00e4ksyi kokouksessaan 18.11.2025 j\u00e4rven s\u00e4\u00e4nn\u00f6stelyn muutoksen, joka sis\u00e4lt\u00e4\u00e4 j\u00e4rven kes\u00e4aikaisen pinnannoston. Kes\u00e4vedenpinnan nosto on ollut Kuosasj\u00e4rvi ry:n tavoitteena pitk\u00e4\u00e4n. Yhdistys on hyvin tyytyv\u00e4inen tehtyyn p\u00e4\u00e4t\u00f6kseen.<\/p>\n<p>Kiitos tuestanne.<\/p>\n<hr \/>\n<p>7.11.2025<\/p>\n<p>Kuorasj\u00e4rven KES\u00c4VEDENPINNAN nosto ratkeaa Alavuden osakaskunnan kokouksessa. Kokous pidet\u00e4\u00e4n ti 18.11. klo 19 Elinkeinotalossa Alavudella (Okslammintie 9, Huhtam\u00e4ki-sali).<\/p>\n<p>Osallistua voivat osakaskuntaan kuuluvat kiinteist\u00f6nomistajat. Tieto osakkuudesta ja osuuksien suuruudesta selvi\u00e4\u00e4 Maanmittaushallituksen sivuilta kiinteist\u00f6n rekisterinumeron perusteella. Kokouspaikalla osuuksia aletaan tarkistaa tietokannasta klo 18.<\/p>\n<p>Kuorasj\u00e4rvi ry kannattaa vedenpinnan nostoa ja toivoo, ett\u00e4 mahdollisimman moni yhdistyksen j\u00e4sen menee kokoukseen. Estyneet voivat edustautua valtakirjan avulla. Puheenjohtajamme Esa Kujala osallistuu paikalla p\u00e4\u00e4t\u00f6ksentekoon.<\/p>\n<p>Rannanomistajille aiemmin tehdyss\u00e4 kyselyss\u00e4 valtaosa puolsi vedenpinnan nostoa.<\/p>\n","protected":false},"excerpt":{"rendered":"<p>Kuorasj\u00e4rven kes\u00e4vendenpinta nousee. Alavuden osakaskunta hyv\u00e4ksyi kokouksessaan 18.11.2025 j\u00e4rven s\u00e4\u00e4nn\u00f6stelyn muutoksen, joka sis\u00e4lt\u00e4\u00e4 j\u00e4rven kes\u00e4aikaisen pinnannoston. Kes\u00e4vedenpinnan nosto on ollut Kuosasj\u00e4rvi ry:n tavoitteena pitk\u00e4\u00e4n. Yhdistys&hellip;<\/p>\n","protected":false},"author":2,"featured_media":0,"comment_status":"closed","ping_status":"closed","sticky":false,"template":"","format":"standard","meta":{"_jetpack_memberships_contains_paid_content":false,"footnotes":""},"categories":[1],"tags":[],"class_list":["post-2133","post","type-post","status-publish","format-standard","hentry","category-uncategorized"],"jetpack_featured_media_url":"","jetpack_sharing_enabled":true,"_links":{"self":[{"href":"https:\/\/www.kuoras.fi\/index.php\/wp-json\/wp\/v2\/posts\/2133","targetHints":{"allow":["GET"]}}],"collection":[{"href":"https:\/\/www.kuoras.fi\/index.php\/wp-json\/wp\/v2\/posts"}],"about":[{"href":"https:\/\/www.kuoras.fi\/index.php\/wp-json\/wp\/v2\/types\/post"}],"author":[{"embeddable":true,"href":"https:\/\/www.kuoras.fi\/index.php\/wp-json\/wp\/v2\/users\/2"}],"replies":[{"embeddable":true,"href":"https:\/\/www.kuoras.fi\/index.php\/wp-json\/wp\/v2\/comments?post=2133"}],"version-history":[{"count":7,"href":"https:\/\/www.kuoras.fi\/index.php\/wp-json\/wp\/v2\/posts\/2133\/revisions"}],"predecessor-version":[{"id":2149,"href":"https:\/\/www.kuoras.fi\/index.php\/wp-json\/wp\/v2\/posts\/2133\/revisions\/2149"}],"wp:attachment":[{"href":"https:\/\/www.kuoras.fi\/index.php\/wp-json\/wp\/v2\/media?parent=2133"}],"wp:term":[{"taxonomy":"category","embeddable":true,"href":"https:\/\/www.kuoras.fi\/index.php\/wp-json\/wp\/v2\/categories?post=2133"},{"taxonomy":"post_tag","embeddable":true,"href":"https:\/\/www.kuoras.fi\/index.php\/wp-json\/wp\/v2\/tags?post=2133"}],"curies":[{"name":"wp","href":"https:\/\/api.w.org\/{rel}","templated":true}]}}