{"id":1763,"date":"2023-06-26T23:13:47","date_gmt":"2023-06-26T20:13:47","guid":{"rendered":"https:\/\/www.kuoras.fi\/?p=1763"},"modified":"2023-06-26T23:29:08","modified_gmt":"2023-06-26T20:29:08","slug":"ely-keskus-selvittaa-kesavedenpinnan-nostoa","status":"publish","type":"post","link":"https:\/\/www.kuoras.fi\/index.php\/2023\/06\/26\/ely-keskus-selvittaa-kesavedenpinnan-nostoa\/","title":{"rendered":"ELY-keskus selvitt\u00e4\u00e4 kes\u00e4vedenpinnan nostoa"},"content":{"rendered":"\r\n<p>Kuorasj\u00e4rvi ry:n vuosikokouksen 18.6.23 yhteydess\u00e4 ELY-keskuksen vesist\u00f6yksik\u00f6n ryhm\u00e4p\u00e4\u00e4llikk\u00f6 Sari Yli-Mannila alusti Kuorasj\u00e4rven selvittelyss\u00e4 olevista kunnostustoimenpiteist\u00e4. Kev\u00e4\u00e4ll\u00e4 2022 rannanomistajille suunnatun kyselyn vastauksista p\u00e4\u00e4llimm\u00e4iseksi nousi j\u00e4rven kes\u00e4vedenpinnan nosto, jota ELY-keskus on nyt selvitt\u00e4m\u00e4ss\u00e4. Suunnitteluty\u00f6ss\u00e4 ELY-keskusta avustaa j\u00e4rven kunnostusta varten perustettu suunnittelutoimikunta. Yli-Mannilan alustus l\u00f6ytyy t\u00e4\u00e4lt\u00e4: <a href=\"https:\/\/www.kuoras.fi\/wp-content\/uploads\/2023\/06\/Kuorasjarvi_ELY.pdf\">Kuorasj\u00e4rvi_ELY<\/a><\/p>\r\n","protected":false},"excerpt":{"rendered":"<p>Kuorasj\u00e4rvi ry:n vuosikokouksen 18.6.23 yhteydess\u00e4 ELY-keskuksen vesist\u00f6yksik\u00f6n ryhm\u00e4p\u00e4\u00e4llikk\u00f6 Sari Yli-Mannila alusti Kuorasj\u00e4rven selvittelyss\u00e4 olevista kunnostustoimenpiteist\u00e4. Kev\u00e4\u00e4ll\u00e4 2022 rannanomistajille suunnatun kyselyn vastauksista p\u00e4\u00e4llimm\u00e4iseksi nousi j\u00e4rven kes\u00e4vedenpinnan&hellip;<\/p>\n","protected":false},"author":1,"featured_media":0,"comment_status":"closed","ping_status":"closed","sticky":false,"template":"","format":"standard","meta":{"_jetpack_memberships_contains_paid_content":false,"footnotes":""},"categories":[1],"tags":[],"class_list":["post-1763","post","type-post","status-publish","format-standard","hentry","category-uncategorized"],"jetpack_featured_media_url":"","jetpack_sharing_enabled":true,"_links":{"self":[{"href":"https:\/\/www.kuoras.fi\/index.php\/wp-json\/wp\/v2\/posts\/1763","targetHints":{"allow":["GET"]}}],"collection":[{"href":"https:\/\/www.kuoras.fi\/index.php\/wp-json\/wp\/v2\/posts"}],"about":[{"href":"https:\/\/www.kuoras.fi\/index.php\/wp-json\/wp\/v2\/types\/post"}],"author":[{"embeddable":true,"href":"https:\/\/www.kuoras.fi\/index.php\/wp-json\/wp\/v2\/users\/1"}],"replies":[{"embeddable":true,"href":"https:\/\/www.kuoras.fi\/index.php\/wp-json\/wp\/v2\/comments?post=1763"}],"version-history":[{"count":6,"href":"https:\/\/www.kuoras.fi\/index.php\/wp-json\/wp\/v2\/posts\/1763\/revisions"}],"predecessor-version":[{"id":1771,"href":"https:\/\/www.kuoras.fi\/index.php\/wp-json\/wp\/v2\/posts\/1763\/revisions\/1771"}],"wp:attachment":[{"href":"https:\/\/www.kuoras.fi\/index.php\/wp-json\/wp\/v2\/media?parent=1763"}],"wp:term":[{"taxonomy":"category","embeddable":true,"href":"https:\/\/www.kuoras.fi\/index.php\/wp-json\/wp\/v2\/categories?post=1763"},{"taxonomy":"post_tag","embeddable":true,"href":"https:\/\/www.kuoras.fi\/index.php\/wp-json\/wp\/v2\/tags?post=1763"}],"curies":[{"name":"wp","href":"https:\/\/api.w.org\/{rel}","templated":true}]}}