{"id":1759,"date":"2023-06-13T00:14:50","date_gmt":"2023-06-12T21:14:50","guid":{"rendered":"https:\/\/www.kuoras.fi\/?p=1759"},"modified":"2023-06-13T00:14:50","modified_gmt":"2023-06-12T21:14:50","slug":"vuosikokous-ja-alustus-jarven-tilanteesta","status":"publish","type":"post","link":"https:\/\/www.kuoras.fi\/index.php\/2023\/06\/13\/vuosikokous-ja-alustus-jarven-tilanteesta\/","title":{"rendered":"VUOSIKOKOUS ja alustus j\u00e4rven tilanteesta"},"content":{"rendered":"\r\n<p>Kuorasj\u00e4rvi ry:n vuosikokous pidet\u00e4\u00e4n sunnuntaina 18. kes\u00e4kuuta klo 15 Alavuden Syd\u00e4nmaan nuorisoseuran talossa, Syd\u00e4nmaantie 936. K\u00e4sitell\u00e4\u00e4n s\u00e4\u00e4nt\u00f6m\u00e4\u00e4r\u00e4iset asiat. Kahvitarjoilu.<\/p>\r\n<p>Kokouksen j\u00e4lkeen klo 16 ELY-keskuksen edustaja kertoo Saukkoj\u00e4rven\/Kuorasj\u00e4rven kunnostusprojektin etenemisest\u00e4 sek\u00e4 ajankohtaista j\u00e4rven ekologisesta tilasta. <\/p>\r\n<p>Tervetuloa!<\/p>\r\n","protected":false},"excerpt":{"rendered":"<p>Kuorasj\u00e4rvi ry:n vuosikokous pidet\u00e4\u00e4n sunnuntaina 18. kes\u00e4kuuta klo 15 Alavuden Syd\u00e4nmaan nuorisoseuran talossa, Syd\u00e4nmaantie 936. K\u00e4sitell\u00e4\u00e4n s\u00e4\u00e4nt\u00f6m\u00e4\u00e4r\u00e4iset asiat. Kahvitarjoilu. Kokouksen j\u00e4lkeen klo 16 ELY-keskuksen edustaja&hellip;<\/p>\n","protected":false},"author":1,"featured_media":0,"comment_status":"closed","ping_status":"closed","sticky":false,"template":"","format":"standard","meta":{"_jetpack_memberships_contains_paid_content":false,"footnotes":""},"categories":[1],"tags":[],"class_list":["post-1759","post","type-post","status-publish","format-standard","hentry","category-uncategorized"],"jetpack_featured_media_url":"","jetpack_sharing_enabled":true,"_links":{"self":[{"href":"https:\/\/www.kuoras.fi\/index.php\/wp-json\/wp\/v2\/posts\/1759","targetHints":{"allow":["GET"]}}],"collection":[{"href":"https:\/\/www.kuoras.fi\/index.php\/wp-json\/wp\/v2\/posts"}],"about":[{"href":"https:\/\/www.kuoras.fi\/index.php\/wp-json\/wp\/v2\/types\/post"}],"author":[{"embeddable":true,"href":"https:\/\/www.kuoras.fi\/index.php\/wp-json\/wp\/v2\/users\/1"}],"replies":[{"embeddable":true,"href":"https:\/\/www.kuoras.fi\/index.php\/wp-json\/wp\/v2\/comments?post=1759"}],"version-history":[{"count":2,"href":"https:\/\/www.kuoras.fi\/index.php\/wp-json\/wp\/v2\/posts\/1759\/revisions"}],"predecessor-version":[{"id":1762,"href":"https:\/\/www.kuoras.fi\/index.php\/wp-json\/wp\/v2\/posts\/1759\/revisions\/1762"}],"wp:attachment":[{"href":"https:\/\/www.kuoras.fi\/index.php\/wp-json\/wp\/v2\/media?parent=1759"}],"wp:term":[{"taxonomy":"category","embeddable":true,"href":"https:\/\/www.kuoras.fi\/index.php\/wp-json\/wp\/v2\/categories?post=1759"},{"taxonomy":"post_tag","embeddable":true,"href":"https:\/\/www.kuoras.fi\/index.php\/wp-json\/wp\/v2\/tags?post=1759"}],"curies":[{"name":"wp","href":"https:\/\/api.w.org\/{rel}","templated":true}]}}